{"id":15347,"date":"2013-08-24T05:50:04","date_gmt":"2013-08-24T03:50:04","guid":{"rendered":"http:\/\/www.zeitgeistlos.de\/zgblog\/?p=15347"},"modified":"2013-08-21T08:54:42","modified_gmt":"2013-08-21T06:54:42","slug":"neoliberalismus-ist","status":"publish","type":"post","link":"https:\/\/www.zeitgeistlos.de\/zgblog\/2013\/neoliberalismus-ist\/","title":{"rendered":"Neoliberalismus ist..."},"content":{"rendered":"<p style=\"text-align: justify;\">Die <a href=\"http:\/\/www.wiwo.de\/politisches-etikett-was-bedeutet-eigentlich-neoliberal\/8636324.html\" target=\"_blank\">Wirtschaftswoche<\/a> fragt rhetorisch, was eigentlich \u00bbneoliberal\u00ab bedeute und gibt sogleich eine Antwort vom \u00d6konomen Alexander R\u00fcstow: <em>\u00bbDie wohlstandsmehrende Kraft der Marktwirtschaft sollte genutzt, destruktive Monopole und Kartelle aber geb\u00e4ndigt werden.\u00ab<\/em> Die Theorieverliebtheit und das abstrakte Geschw\u00e4tz von \u00d6konomen, hat wenig mit der \u00f6konomischen Not vieler Millionen, ja Milliarden Menschen auf der Welt, gemein. Im Alltag bedeutet Neoliberalismus...<\/p>\n<ul>\n<li style=\"text-align: justify;\">..wenn die Wasserpumpe auf dem Wasserspielplatz im Sommer bei 35 Grad abgestellt wird.<\/li>\n<li style=\"text-align: justify;\">...wenn Busse aus dem \u00d6PNV st\u00e4ndig \u00fcberf\u00fcllt sind, so dass M\u00fctter mit Kinderwagen und Senioren nicht mehr einsteigen k\u00f6nnen.<\/li>\n<li style=\"text-align: justify;\">...wenn das Gegeneinander kultiviert und das Miteinander verachtet wird.<\/li>\n<li style=\"text-align: justify;\">...wenn Kleinkinder, mit 3 oder 6 Monaten sp\u00e4testens aber nach einem Jahr, in die Kita gesteckt werden, weil die Eltern wieder arbeiten gehen wollen m\u00fcssen.<\/li>\n<li style=\"text-align: justify;\">...wenn Haustiere freie Kost und Unterkunft erhalten, w\u00e4hrend Obdachlose und Erwerbslose als faule Schmarotzer beschimpft werden.<\/li>\n<li style=\"text-align: justify;\">...wenn die Eintrittspreise f\u00fcr Kinos, Schwimmb\u00e4der, Museen, Ausstellungen und Konzerte, die Mieten- und Strompreise stets teurer, aber niemals billiger werden.<\/li>\n<\/ul>\n","protected":false},"excerpt":{"rendered":"<p>Die Wirtschaftswoche fragt rhetorisch, was eigentlich \u00bbneoliberal\u00ab bedeute und gibt sogleich eine Antwort vom \u00d6konomen Alexander R\u00fcstow: \u00bbDie wohlstandsmehrende Kraft der Marktwirtschaft sollte genutzt, destruktive Monopole und Kartelle aber geb\u00e4ndigt werden.\u00ab Die Theorieverliebtheit und das abstrakte Geschw\u00e4tz von \u00d6konomen, hat \u2026 <a href=\"https:\/\/www.zeitgeistlos.de\/zgblog\/2013\/neoliberalismus-ist\/\">Weiterlesen <span class=\"meta-nav\">\u2192<\/span><\/a><\/p>\n","protected":false},"author":4,"featured_media":0,"comment_status":"open","ping_status":"closed","sticky":false,"template":"","format":"standard","meta":{"wp_typography_post_enhancements_disabled":false,"footnotes":""},"categories":[4],"tags":[432,419,122,1049],"class_list":["post-15347","post","type-post","status-publish","format-standard","hentry","category-politik","tag-alltag","tag-leben","tag-neoliberalismus","tag-sozialabbau"],"_links":{"self":[{"href":"https:\/\/www.zeitgeistlos.de\/zgblog\/wp-json\/wp\/v2\/posts\/15347","targetHints":{"allow":["GET"]}}],"collection":[{"href":"https:\/\/www.zeitgeistlos.de\/zgblog\/wp-json\/wp\/v2\/posts"}],"about":[{"href":"https:\/\/www.zeitgeistlos.de\/zgblog\/wp-json\/wp\/v2\/types\/post"}],"author":[{"embeddable":true,"href":"https:\/\/www.zeitgeistlos.de\/zgblog\/wp-json\/wp\/v2\/users\/4"}],"replies":[{"embeddable":true,"href":"https:\/\/www.zeitgeistlos.de\/zgblog\/wp-json\/wp\/v2\/comments?post=15347"}],"version-history":[{"count":8,"href":"https:\/\/www.zeitgeistlos.de\/zgblog\/wp-json\/wp\/v2\/posts\/15347\/revisions"}],"predecessor-version":[{"id":15661,"href":"https:\/\/www.zeitgeistlos.de\/zgblog\/wp-json\/wp\/v2\/posts\/15347\/revisions\/15661"}],"wp:attachment":[{"href":"https:\/\/www.zeitgeistlos.de\/zgblog\/wp-json\/wp\/v2\/media?parent=15347"}],"wp:term":[{"taxonomy":"category","embeddable":true,"href":"https:\/\/www.zeitgeistlos.de\/zgblog\/wp-json\/wp\/v2\/categories?post=15347"},{"taxonomy":"post_tag","embeddable":true,"href":"https:\/\/www.zeitgeistlos.de\/zgblog\/wp-json\/wp\/v2\/tags?post=15347"}],"curies":[{"name":"wp","href":"https:\/\/api.w.org\/{rel}","templated":true}]}}