{"id":15288,"date":"2013-07-23T05:55:34","date_gmt":"2013-07-23T03:55:34","guid":{"rendered":"http:\/\/www.zeitgeistlos.de\/zgblog\/?p=15288"},"modified":"2013-07-23T05:55:43","modified_gmt":"2013-07-23T03:55:43","slug":"presseblick-9","status":"publish","type":"post","link":"https:\/\/www.zeitgeistlos.de\/zgblog\/2013\/presseblick-9\/","title":{"rendered":"Presseblick (9)"},"content":{"rendered":"<p style=\"text-align: justify;\">Nun werde ich doch tats\u00e4chlich gezwungen, den \u00bbK\u00fcnstler\u00ab Bushido zu verteidigen. Danke, liebe Politik! Die <a href=\"http:\/\/www.fr-online.de\/leute\/bushido-aerger-mit-justiz-und-jugendschutz,9548600,23724320.html\" target=\"_blank\">Frankfurter Rundschau<\/a>, und mit ihr etliche andere Medien, berichten dar\u00fcber, dass der \u00bbPoet\u00ab mit \u00bbhasserf\u00fcllten Hasstiraden\u00ab (Hass, Hass, Hass) den Tod von Politikern besungen h\u00e4tte. Die Vorsitzende der Bundespr\u00fcfstelle f\u00fcr jugendgef\u00e4hrdende Medien (BPjM), Elke Monssen-Engberding, pr\u00fcfe nun ein Verbotsverfahren der CD. Bushido macht das, was er kann: provozieren und damit Aufmerksamkeit erregen, um seine Verk\u00e4ufe anzukurbeln. Nur die heuchlerische Doppelmoral von Politik und BPjM ist schwer zu ertragen. Wo war der Aufschrei bei Thilo Sarrazin\u2019s Menschenhetze?<\/p>\n<p style=\"text-align: justify;\">Das bringt mich gleich zum n\u00e4chsten Thema. Auf <a href=\"http:\/\/www.taz.de\/!120084\/\" target=\"_blank\">taz.de<\/a> gibt es ein Interview mit Franz Allert, der zust\u00e4ndig f\u00fcr die Unterbringung von Fl\u00fcchtlingen in Berlin ist: <em>\u00bbIch muss mich tagt\u00e4glich rechtfertigen, dass ich eine gesetzliche Aufgabe wahrnehme\u00ab<\/em>. Er wundere sich \u00fcber die zunehmende Verachtung der Bev\u00f6lkerung gegen\u00fcber Ausl\u00e4ndern und Asylsuchenden. Thilo Sarrazin, zunehmende Armut, eine gr\u00f6\u00dfere soziale Schieflage und den offensichtlichen Abbau der Restdemokratie in Deutschland, bringen wohl eher selten ausgeglichene und friedliebende Menschen hervor. Wer die Zusammenh\u00e4nge hier sehen will, sieht sie auch.<!--more--><\/p>\n<p style=\"text-align: justify;\">Vergesst die L\u00fcgen-Propaganda vom demographischen Wandel \u2014 selbst wenn es ihn g\u00e4be, er w\u00e4re nicht f\u00fcr den Kindermangel in Deutschland prim\u00e4r verantwortlich. Denn solange es solche F\u00e4lle, wie den hier geschilderten in <a href=\"http:\/\/www.stuttgarter-zeitung.de\/inhalt.aerger-wegen-kinderlaerm-elefantenhaut-hilft-bei-schwachen-nerven.a0ce9130-33d3-4ce8-b2d5-dd836d8b951e.html\" target=\"_blank\">stuttgarter-zeitung.de<\/a> gibt, bleibt Deutschland ein kinderfeindliches Land. In Ebersbach haben Anwohner f\u00fcr Kinder ein Ballspielverbot durchgesetzt:<\/p>\n<blockquote>\n<p style=\"text-align: justify;\"><span class=\"dquo\">\u00bb<\/span>Um die Nerven der Anwohner zu schonen, scheut die Ebersbacher Stadtverwaltung weder Kosten noch M\u00fche. Jetzt sollen spezielle Weichschaumb\u00e4lle angeschafft werden, damit Kinder im Stadtgebiet kicken k\u00f6nnen, ohne die Anlieger \u00fcber Geb\u00fchr mit Prallger\u00e4uschen zu bel\u00e4stigen\u00ab.<\/p>\n<\/blockquote>\n<p style=\"text-align: justify;\">W\u00e4hrend also Hunde Parks zuschei\u00dfen und laut durch die Gegend kl\u00e4ffen d\u00fcrfen, w\u00e4hrend Erwachsene in ihren G\u00e4rten laute Grill- und Geburtstagspartys veranstalten, w\u00e4hrend G\u00e4ste in Bierg\u00e4rten die Anwohner bis 22 Uhr und l\u00e4nger bel\u00e4stigen k\u00f6nnen und w\u00e4hrend in manchen Stadtgebieten ganzj\u00e4hrig Baul\u00e4rm zu ertragen ist, bekommen Kinder bald noch einen Maulkorb verpasst.<\/p>\n<p style=\"text-align: justify;\">Im <a href=\"http:\/\/www.handelsblatt.com\/panorama\/aus-aller-welt\/rolling-stone-cover-mit-mutmasslichem-terroristen-sorgt-fuer-empoerung\/8512400.html\" target=\"_blank\">Handelsblatt<\/a> wird berichtet, das Cover der neuen \u00bbRolling Stones\u00ab Zeitschrift habe f\u00fcr Aufsehen und Proteste gesorgt. Das Magazin habe den mutma\u00dflichen Bombenleger des Boston-Marathons Dschochar Zarnajew auf dem Cover abgebildet. (\u00bbMutma\u00dflich\u00ab scheint sowieso der Begriff zu sein, mit dem sich alle Massenmedien vor einer vermeintlichen Falschanschuldigung pr\u00e4ventiv absichern wollen. Keinen Begriff liest man bei Attentaten\/Anschl\u00e4gen derzeit \u00f6fter als diesen. Aber das nur nebenbei.) Das Titelbild sei geschmacklos und unsensibel den Opfern gegen\u00fcber, wird hier argumentiert. V\u00f6llig absurd und bigott in meinen Augen. Die Massenmedien haben hier noch nie eine moralische, sondern seit jeher eine Verkaufszahlen-Sensibilit\u00e4t bewiesen. Denn dann d\u00fcrfte man auch nie wieder einen Hitler, einen George W. Bush, einen Osama Bin Laden oder einen Anders Breivik auf dem Cover einer Zeitung ablichten.<\/p>\n","protected":false},"excerpt":{"rendered":"<p>Nun werde ich doch tats\u00e4chlich gezwungen, den \u00bbK\u00fcnstler\u00ab Bushido zu verteidigen. Danke, liebe Politik! Die Frankfurter Rundschau, und mit ihr etliche andere Medien, berichten dar\u00fcber, dass der \u00bbPoet\u00ab mit \u00bbhasserf\u00fcllten Hasstiraden\u00ab (Hass, Hass, Hass) den Tod von Politikern besungen h\u00e4tte. \u2026 <a href=\"https:\/\/www.zeitgeistlos.de\/zgblog\/2013\/presseblick-9\/\">Weiterlesen <span class=\"meta-nav\">\u2192<\/span><\/a><\/p>\n","protected":false},"author":4,"featured_media":0,"comment_status":"open","ping_status":"closed","sticky":false,"template":"","format":"standard","meta":{"wp_typography_post_enhancements_disabled":false,"footnotes":""},"categories":[5],"tags":[171,1275,269,1276,1187,174,176],"class_list":["post-15288","post","type-post","status-publish","format-standard","hentry","category-medien","tag-asylbewerber","tag-bushido","tag-kinder","tag-kinderfeindlichkeit","tag-massenmedien","tag-rechtsextremismus","tag-terrorismus"],"_links":{"self":[{"href":"https:\/\/www.zeitgeistlos.de\/zgblog\/wp-json\/wp\/v2\/posts\/15288","targetHints":{"allow":["GET"]}}],"collection":[{"href":"https:\/\/www.zeitgeistlos.de\/zgblog\/wp-json\/wp\/v2\/posts"}],"about":[{"href":"https:\/\/www.zeitgeistlos.de\/zgblog\/wp-json\/wp\/v2\/types\/post"}],"author":[{"embeddable":true,"href":"https:\/\/www.zeitgeistlos.de\/zgblog\/wp-json\/wp\/v2\/users\/4"}],"replies":[{"embeddable":true,"href":"https:\/\/www.zeitgeistlos.de\/zgblog\/wp-json\/wp\/v2\/comments?post=15288"}],"version-history":[{"count":18,"href":"https:\/\/www.zeitgeistlos.de\/zgblog\/wp-json\/wp\/v2\/posts\/15288\/revisions"}],"predecessor-version":[{"id":15368,"href":"https:\/\/www.zeitgeistlos.de\/zgblog\/wp-json\/wp\/v2\/posts\/15288\/revisions\/15368"}],"wp:attachment":[{"href":"https:\/\/www.zeitgeistlos.de\/zgblog\/wp-json\/wp\/v2\/media?parent=15288"}],"wp:term":[{"taxonomy":"category","embeddable":true,"href":"https:\/\/www.zeitgeistlos.de\/zgblog\/wp-json\/wp\/v2\/categories?post=15288"},{"taxonomy":"post_tag","embeddable":true,"href":"https:\/\/www.zeitgeistlos.de\/zgblog\/wp-json\/wp\/v2\/tags?post=15288"}],"curies":[{"name":"wp","href":"https:\/\/api.w.org\/{rel}","templated":true}]}}