{"id":15118,"date":"2013-06-24T09:34:40","date_gmt":"2013-06-24T07:34:40","guid":{"rendered":"http:\/\/www.zeitgeistlos.de\/zgblog\/?p=15118"},"modified":"2013-06-24T09:57:37","modified_gmt":"2013-06-24T07:57:37","slug":"ausgrenzungsromantik","status":"publish","type":"post","link":"https:\/\/www.zeitgeistlos.de\/zgblog\/2013\/ausgrenzungsromantik\/","title":{"rendered":"Ausgrenzungsromantik"},"content":{"rendered":"<p style=\"text-align: justify;\">Das Netzwerk \u00bbSoziales Marketing\u00ab startet im Oktober 2013 eine bundesweite Kampagne mit dem Titel \u00bbInitiative zur Romantisierung von Erwerbslosen, Fl\u00fcchtlingen und Obdachlosen\u00ab. Ziel sei es, \u00bb<em>die armen Bev\u00f6lkerungsschichten der \u00d6ffentlichkeit n\u00e4her zu bringen und f\u00fcr ein positives Image zu sorgen<\/em>\u00ab, so der Pressesprecher Armin M\u00fcller. Man habe eine professionelle Werbeagentur verpflichtet, die sich bei der Gestaltung der Plakate vor allem an das Kindchenschema von Tierkindern und Babys orientiere: <em>\u00bbMit Empathie, Mitgef\u00fchl und Humanismus spricht man heutzutage keine Zielgruppe mehr an. Haustiere und Babys werden jedoch immer beliebter, das zeige besonders Facebook, wo Millionen User t\u00e4glich Tier- und Babybilder miteinander tauschen w\u00fcrden\u00ab, <\/em>meint der Werbefachmann. Den \u00bbist das&nbsp; aber s\u00fc\u00df \u2013 Effekt\u00ab wolle man auch f\u00fcr Obdachlose, Asylanten, Rentner und Erwerbslose erreichen.<\/p>\n<p style=\"text-align: justify;\">Sozialverb\u00e4nde, Gewerkschaften und Tafeln zeigten sich begeistert. Sie hoffen, dass diese Kampagne dazu beitr\u00e4gt, die Interessen von finanziell armen Menschen in Deutschland besser vertreten zu k\u00f6nnen. Auf die Frage, was das Netzwerk \u00bbSoziales Marketing\u00ab von der Agenda 2010 halte, betont Armin M\u00fcller, dass man sich zu politischen Fragen nicht \u00e4u\u00dfern wolle. Er halte jedoch besonders die Hartz-Gesetze als eine wichtige Errungenschaft f\u00fcr eine moderne Gesellschaft: <em>\u00bbNur so werden Eigenverantwortung, Chancengerechtigkeit und Erwerbsanreize gef\u00f6rdert und gefordert\u00ab. <\/em>Gesponsert wird das Projekt von der Deutschen Bank, McKinsey und der Allianz.<\/p>\n","protected":false},"excerpt":{"rendered":"<p>Das Netzwerk \u00bbSoziales Marketing\u00ab startet im Oktober 2013 eine bundesweite Kampagne mit dem Titel \u00bbInitiative zur Romantisierung von Erwerbslosen, Fl\u00fcchtlingen und Obdachlosen\u00ab. Ziel sei es, \u00bbdie armen Bev\u00f6lkerungsschichten der \u00d6ffentlichkeit n\u00e4her zu bringen und f\u00fcr ein positives Image zu sorgen\u00ab, \u2026 <a href=\"https:\/\/www.zeitgeistlos.de\/zgblog\/2013\/ausgrenzungsromantik\/\">Weiterlesen <span class=\"meta-nav\">\u2192<\/span><\/a><\/p>\n","protected":false},"author":4,"featured_media":0,"comment_status":"open","ping_status":"closed","sticky":false,"template":"","format":"standard","meta":{"wp_typography_post_enhancements_disabled":false,"footnotes":""},"categories":[203],"tags":[382,568,1077,1645,1195],"class_list":["post-15118","post","type-post","status-publish","format-standard","hentry","category-satire","tag-alg2","tag-diskriminierung","tag-marketing","tag-satire","tag-soziales-engagement"],"_links":{"self":[{"href":"https:\/\/www.zeitgeistlos.de\/zgblog\/wp-json\/wp\/v2\/posts\/15118","targetHints":{"allow":["GET"]}}],"collection":[{"href":"https:\/\/www.zeitgeistlos.de\/zgblog\/wp-json\/wp\/v2\/posts"}],"about":[{"href":"https:\/\/www.zeitgeistlos.de\/zgblog\/wp-json\/wp\/v2\/types\/post"}],"author":[{"embeddable":true,"href":"https:\/\/www.zeitgeistlos.de\/zgblog\/wp-json\/wp\/v2\/users\/4"}],"replies":[{"embeddable":true,"href":"https:\/\/www.zeitgeistlos.de\/zgblog\/wp-json\/wp\/v2\/comments?post=15118"}],"version-history":[{"count":4,"href":"https:\/\/www.zeitgeistlos.de\/zgblog\/wp-json\/wp\/v2\/posts\/15118\/revisions"}],"predecessor-version":[{"id":15159,"href":"https:\/\/www.zeitgeistlos.de\/zgblog\/wp-json\/wp\/v2\/posts\/15118\/revisions\/15159"}],"wp:attachment":[{"href":"https:\/\/www.zeitgeistlos.de\/zgblog\/wp-json\/wp\/v2\/media?parent=15118"}],"wp:term":[{"taxonomy":"category","embeddable":true,"href":"https:\/\/www.zeitgeistlos.de\/zgblog\/wp-json\/wp\/v2\/categories?post=15118"},{"taxonomy":"post_tag","embeddable":true,"href":"https:\/\/www.zeitgeistlos.de\/zgblog\/wp-json\/wp\/v2\/tags?post=15118"}],"curies":[{"name":"wp","href":"https:\/\/api.w.org\/{rel}","templated":true}]}}