{"id":14627,"date":"2013-04-21T09:08:00","date_gmt":"2013-04-21T07:08:00","guid":{"rendered":"http:\/\/www.zeitgeistlos.de\/zgblog\/?p=14627"},"modified":"2013-04-18T14:03:12","modified_gmt":"2013-04-18T12:03:12","slug":"keine-massenerwerbslosigkeit-mehr","status":"publish","type":"post","link":"https:\/\/www.zeitgeistlos.de\/zgblog\/2013\/keine-massenerwerbslosigkeit-mehr\/","title":{"rendered":"Vollbesch\u00e4ftigung erreicht!"},"content":{"rendered":"<p style=\"text-align: justify;\"><img decoding=\"async\" class=\"aligncenter size-medium wp-image-14641\" title src=\"https:\/\/www.zeitgeistlos.de\/zgblog\/wp-content\/uploads\/th_DSCN2230-450x337.jpg\" alt width=\"450\" height=\"337\" srcset=\"https:\/\/www.zeitgeistlos.de\/zgblog\/wp-content\/uploads\/th_DSCN2230-450x337.jpg 450w, https:\/\/www.zeitgeistlos.de\/zgblog\/wp-content\/uploads\/th_DSCN2230-150x112.jpg 150w, https:\/\/www.zeitgeistlos.de\/zgblog\/wp-content\/uploads\/th_DSCN2230-1024x768.jpg 1024w, https:\/\/www.zeitgeistlos.de\/zgblog\/wp-content\/uploads\/th_DSCN2230-400x300.jpg 400w\" sizes=\"(max-width: 450px) 100vw, 450px\">Wie Bundeskanzlerin Angela Merkel auf einer Pressekonferenz gestern mitteilte, ist die Massenerwebslosigkeit in Deutschland \u00fcberstanden<em>: \u00bbJeder, der arbeiten will, findet nun auch eine Arbeit\u00ab<\/em>, so Merkel. Mit einer gro\u00df angelegten Joboffensive im \u00f6ffentlichen Sektor, einer Arbeitszeitverk\u00fcrzung bei vollem Lohnausgleich sowie einer Entkoppelung der Sozialabgaben vom Faktor Arbeit, ist es der Bundesregierung gelungen, innerhalb von nur 5 Jahren die Massenerwerbslosigkeit von statistisch sch\u00f6ngerechneten 3 Millionen (also ca. 6 Millionen) Arbeitslosen, auf sagenhafte ca. 100.000 Arbeitslose zu reduzieren. W\u00e4hrend die Mehrzahl der B\u00fcrger die Entwicklung begr\u00fc\u00dft, sind die Reaktionen aus der Wirtschaft eher verhalten.<!--more--><\/p>\n<p style=\"text-align: justify;\">Zu den noch rund 100.000 verbliebenen Erwerbslosen in Deutschland w\u00fcrden vor allem Menschen z\u00e4hlen, die krankheitsbedingt nicht arbeiten gehen k\u00f6nnen oder arbeitslos geworden sind, weil sie von der Massenerwebslosigkeit gelebt haben. Gleichzeitig sind alle Formen prek\u00e4rer Besch\u00e4ftigung, wie Praktikas, Mini-Jobs und 1\u2011Euro-Jobs komplett abgeschafft worden. Jede Lohnarbeit verspricht ab sofort ein existenzielles Auskommen.<\/p>\n<p style=\"text-align: justify;\">Das Deutsche Institut f\u00fcr Wirtschaftsforschung (DIW), viele Arbeitgeberverb\u00e4nde, f\u00fchrende \u00d6konomen sowie Hans-Werner Sinn vom IFO-Institut in M\u00fcnchen, f\u00fcrchten einen steigenden Fachkr\u00e4ftemangel und den Zusammenbruch wichtiger Wirtschaftszweige. <em>\u00bbAu\u00dferdem sei das Druckpotential der Lohnarbeiter, Betriebsr\u00e4te und Gewerkschaften, im Gegensatz zu den Unternehmen, unverh\u00e4ltnism\u00e4\u00dfig gestiegen\u00ab<\/em>, so Sinn im Interview mit SpiegelOnline. Arbeitskr\u00e4fte k\u00f6nnten nun in Vorstellungsgespr\u00e4chen, bei Lohnverhandlungen und bei Betriebsvereinbarungen einen viel zu gro\u00dfen Druck auf die Unternehmen aus\u00fcben. Schlie\u00dflich g\u00e4be es fortan <em>\u00bbzu wenig Ersatz\u00ab<\/em>, so Sinn.<\/p>\n<p style=\"text-align: justify;\">Bewerbungscoacher, Dozenten aus der beruflichen Weiterbildungsindustrie, ehemalige Sachbearbeiter aus den Jobcentern und Arbeitsagenturen sowie private Arbeitsvermittler,&nbsp; wollen den Verein \u00bbPro Erwerbslosigkeit e.V.\u00ab gr\u00fcnden, um der \u00d6ffentlichkeit die wichtige Bedeutung der Massenerwerbslosigkeit zu vermiteln.<\/p>\n<p style=\"text-align: justify;\">Die gro\u00dfe Mehrzahl der Menschen in Deutschland empfindet diese Entwicklung jedoch als sehr positiv. Familien k\u00f6nnen ern\u00e4hrt und Wohnungen bezahlt werden, der dem\u00fctigende Gang zur Arbeitsagentur bzw. zum Jobcenter sowie G\u00e4ngelungen, Schikanen und Sanktionen entfallen. Depressionen und Suizide, aufgrund von Erwerbslosigkeit oder prek\u00e4rer Besch\u00e4ftigung, sind massiv zur\u00fcckgegangen. Durch die bundesweite und branchen\u00fcbergreifende Arbeitszeitverk\u00fcrzung haben die Menschen mehr Zeit f\u00fcr Familie und Freunde und sind gl\u00fccklicher und ausgeglichener geworden. Zudem sind die Menschen solidarischer: der Neid und das Misstrauen zwischen abh\u00e4ngig Besch\u00e4ftigten und Erwerbslosen ist zur\u00fcckgegangen. Auch die Ausl\u00e4nderfeindlichkeit ist stark gesunken.<\/p>\n","protected":false},"excerpt":{"rendered":"<p>Wie Bundeskanzlerin Angela Merkel auf einer Pressekonferenz gestern mitteilte, ist die Massenerwebslosigkeit in Deutschland \u00fcberstanden: \u00bbJeder, der arbeiten will, findet nun auch eine Arbeit\u00ab, so Merkel. Mit einer gro\u00df angelegten Joboffensive im \u00f6ffentlichen Sektor, einer Arbeitszeitverk\u00fcrzung bei vollem Lohnausgleich sowie \u2026 <a href=\"https:\/\/www.zeitgeistlos.de\/zgblog\/2013\/keine-massenerwerbslosigkeit-mehr\/\">Weiterlesen <span class=\"meta-nav\">\u2192<\/span><\/a><\/p>\n","protected":false},"author":4,"featured_media":0,"comment_status":"open","ping_status":"closed","sticky":false,"template":"","format":"standard","meta":{"wp_typography_post_enhancements_disabled":false,"footnotes":""},"categories":[203],"tags":[1646,162,358,1224,290,1645],"class_list":["post-14627","post","type-post","status-publish","format-standard","hentry","category-satire","tag-arbeit","tag-arbeitsfetischismus","tag-arbeitslosigkeit","tag-erwerbslosigkeit","tag-lohnarbeit","tag-satire"],"_links":{"self":[{"href":"https:\/\/www.zeitgeistlos.de\/zgblog\/wp-json\/wp\/v2\/posts\/14627","targetHints":{"allow":["GET"]}}],"collection":[{"href":"https:\/\/www.zeitgeistlos.de\/zgblog\/wp-json\/wp\/v2\/posts"}],"about":[{"href":"https:\/\/www.zeitgeistlos.de\/zgblog\/wp-json\/wp\/v2\/types\/post"}],"author":[{"embeddable":true,"href":"https:\/\/www.zeitgeistlos.de\/zgblog\/wp-json\/wp\/v2\/users\/4"}],"replies":[{"embeddable":true,"href":"https:\/\/www.zeitgeistlos.de\/zgblog\/wp-json\/wp\/v2\/comments?post=14627"}],"version-history":[{"count":19,"href":"https:\/\/www.zeitgeistlos.de\/zgblog\/wp-json\/wp\/v2\/posts\/14627\/revisions"}],"predecessor-version":[{"id":14672,"href":"https:\/\/www.zeitgeistlos.de\/zgblog\/wp-json\/wp\/v2\/posts\/14627\/revisions\/14672"}],"wp:attachment":[{"href":"https:\/\/www.zeitgeistlos.de\/zgblog\/wp-json\/wp\/v2\/media?parent=14627"}],"wp:term":[{"taxonomy":"category","embeddable":true,"href":"https:\/\/www.zeitgeistlos.de\/zgblog\/wp-json\/wp\/v2\/categories?post=14627"},{"taxonomy":"post_tag","embeddable":true,"href":"https:\/\/www.zeitgeistlos.de\/zgblog\/wp-json\/wp\/v2\/tags?post=14627"}],"curies":[{"name":"wp","href":"https:\/\/api.w.org\/{rel}","templated":true}]}}