{"id":14452,"date":"2013-03-13T08:40:48","date_gmt":"2013-03-13T07:40:48","guid":{"rendered":"http:\/\/www.zeitgeistlos.de\/zgblog\/?p=14452"},"modified":"2013-03-11T09:53:05","modified_gmt":"2013-03-11T08:53:05","slug":"nieteneliten","status":"publish","type":"post","link":"https:\/\/www.zeitgeistlos.de\/zgblog\/2013\/nieteneliten\/","title":{"rendered":"Nieteneliten"},"content":{"rendered":"<blockquote>\n<p style=\"text-align: justify;\"><span class=\"dquo\">\u00bb<\/span>...bis zu einem B\u00e4cker habe ich es noch nicht gebracht. Das ist ausgezeichnet, dann k\u00f6nnen Sie anfangen, sagte Antonio darauf. Wenn Sie n\u00e4mlich wirklich B\u00e4cker w\u00e4ren oder etwas vom Backen verst\u00fcnden, dann w\u00e4re nichts zu machen.\u00ab<\/p>\n<p style=\"text-align: justify;\">- B. Traven. \u00bbDie Baumwollpfl\u00fccker\u00ab. Rowohlt 1962. S. 45<\/p>\n<\/blockquote>\n<p style=\"text-align: justify;\"><strong>Anmerkung: <\/strong>Entgegen dem allt\u00e4glichen Bildungs- und Leistungsgequatsche im \u00f6ffentlichen Diskurs, m\u00f6chte man heute keine Menschen, die eigenst\u00e4ndig denken, neue Ideen und Visionen haben oder \u00fcberdurchschnittlich intelligent sind. Was man wirklich will, sind vorauseilende Mitneider, funktionierende Mitmacher und schweigsame Mitwisser.<\/p>\n","protected":false},"excerpt":{"rendered":"<p><span class=\"dquo\">\u00bb<\/span>...bis zu einem B\u00e4cker habe ich es noch nicht gebracht. Das ist ausgezeichnet, dann k\u00f6nnen Sie anfangen, sagte Antonio darauf. Wenn Sie n\u00e4mlich wirklich B\u00e4cker w\u00e4ren oder etwas vom Backen verst\u00fcnden, dann w\u00e4re nichts zu machen.\u00ab \u2014 B. Traven. \u00bbDie \u2026 <a href=\"https:\/\/www.zeitgeistlos.de\/zgblog\/2013\/nieteneliten\/\">Weiterlesen <span class=\"meta-nav\">\u2192<\/span><\/a><\/p>\n","protected":false},"author":4,"featured_media":0,"comment_status":"open","ping_status":"closed","sticky":false,"template":"","format":"standard","meta":{"wp_typography_post_enhancements_disabled":false,"footnotes":""},"categories":[4,23],"tags":[390,53,316,1037],"class_list":["post-14452","post","type-post","status-publish","format-standard","hentry","category-politik","category-zitate","tag-bildung","tag-elite","tag-leistung","tag-leistungsgerechtigkeit"],"_links":{"self":[{"href":"https:\/\/www.zeitgeistlos.de\/zgblog\/wp-json\/wp\/v2\/posts\/14452","targetHints":{"allow":["GET"]}}],"collection":[{"href":"https:\/\/www.zeitgeistlos.de\/zgblog\/wp-json\/wp\/v2\/posts"}],"about":[{"href":"https:\/\/www.zeitgeistlos.de\/zgblog\/wp-json\/wp\/v2\/types\/post"}],"author":[{"embeddable":true,"href":"https:\/\/www.zeitgeistlos.de\/zgblog\/wp-json\/wp\/v2\/users\/4"}],"replies":[{"embeddable":true,"href":"https:\/\/www.zeitgeistlos.de\/zgblog\/wp-json\/wp\/v2\/comments?post=14452"}],"version-history":[{"count":6,"href":"https:\/\/www.zeitgeistlos.de\/zgblog\/wp-json\/wp\/v2\/posts\/14452\/revisions"}],"predecessor-version":[{"id":14462,"href":"https:\/\/www.zeitgeistlos.de\/zgblog\/wp-json\/wp\/v2\/posts\/14452\/revisions\/14462"}],"wp:attachment":[{"href":"https:\/\/www.zeitgeistlos.de\/zgblog\/wp-json\/wp\/v2\/media?parent=14452"}],"wp:term":[{"taxonomy":"category","embeddable":true,"href":"https:\/\/www.zeitgeistlos.de\/zgblog\/wp-json\/wp\/v2\/categories?post=14452"},{"taxonomy":"post_tag","embeddable":true,"href":"https:\/\/www.zeitgeistlos.de\/zgblog\/wp-json\/wp\/v2\/tags?post=14452"}],"curies":[{"name":"wp","href":"https:\/\/api.w.org\/{rel}","templated":true}]}}