{"id":12710,"date":"2012-07-24T17:26:11","date_gmt":"2012-07-24T16:26:11","guid":{"rendered":"http:\/\/www.zeitgeistlos.de\/zgblog\/?p=12710"},"modified":"2012-07-24T18:40:01","modified_gmt":"2012-07-24T17:40:01","slug":"zum-amoklauf-in-aurora","status":"publish","type":"post","link":"https:\/\/www.zeitgeistlos.de\/zgblog\/2012\/zum-amoklauf-in-aurora\/","title":{"rendered":"Zum Amoklauf in Aurora"},"content":{"rendered":"<p style=\"text-align: justify;\">Was soll ich dazu sagen? Alles wiederholt sich und es nimmt kein Ende. Im Jahre 2006 schrieb ich \u00fcber den <a href=\"http:\/\/www.zeitgeistlos.de\/killerspiele\/killerspiele.html\" target=\"_blank\">Amoklauf von Robert Steinh\u00e4user<\/a> und das die Ursachen in Politik und Gesellschaft zu finden sind. Das soziale Miteinander und der gesellschaftliche Frieden werden seit Jahren abgebaut. Leistungsdenken sowie knallharte Selektionsverfahren in Schulen und Unternehmen lassen jede \u00f6ffentliche Wertediskussion l\u00e4cherlich aussehen. Im M\u00e4rz 2009 hat es dann gleich drei Amokl\u00e4ufe gegeben. Die Medien, die hier Teil des Problems sind, denn sie geben den Jugendlichen die \u00bbChance\u00ab wenigstens einmal geh\u00f6rt zu werden, freuen sich \u00fcber ihre Headlines. Die Amokl\u00e4ufe sind weder Zufall, noch geschehen sie aus dem Affekt heraus. Sie sind das <a href=\"https:\/\/www.zeitgeistlos.de\/zgblog\/2009\/symptom-einer-kranken-gesellschaftsordnung\/\" target=\"_blank\">Symptom einer kranken und kalten Gesellschaftsordnung<\/a>.<\/p>\n","protected":false},"excerpt":{"rendered":"<p>Was soll ich dazu sagen? Alles wiederholt sich und es nimmt kein Ende. Im Jahre 2006 schrieb ich \u00fcber den Amoklauf von Robert Steinh\u00e4user und das die Ursachen in Politik und Gesellschaft zu finden sind. Das soziale Miteinander und der \u2026 <a href=\"https:\/\/www.zeitgeistlos.de\/zgblog\/2012\/zum-amoklauf-in-aurora\/\">Weiterlesen <span class=\"meta-nav\">\u2192<\/span><\/a><\/p>\n","protected":false},"author":4,"featured_media":0,"comment_status":"open","ping_status":"open","sticky":false,"template":"","format":"standard","meta":{"wp_typography_post_enhancements_disabled":false,"footnotes":""},"categories":[190,5],"tags":[1066,304],"class_list":["post-12710","post","type-post","status-publish","format-standard","hentry","category-gedanken","category-medien","tag-amok","tag-amoklauf"],"_links":{"self":[{"href":"https:\/\/www.zeitgeistlos.de\/zgblog\/wp-json\/wp\/v2\/posts\/12710","targetHints":{"allow":["GET"]}}],"collection":[{"href":"https:\/\/www.zeitgeistlos.de\/zgblog\/wp-json\/wp\/v2\/posts"}],"about":[{"href":"https:\/\/www.zeitgeistlos.de\/zgblog\/wp-json\/wp\/v2\/types\/post"}],"author":[{"embeddable":true,"href":"https:\/\/www.zeitgeistlos.de\/zgblog\/wp-json\/wp\/v2\/users\/4"}],"replies":[{"embeddable":true,"href":"https:\/\/www.zeitgeistlos.de\/zgblog\/wp-json\/wp\/v2\/comments?post=12710"}],"version-history":[{"count":6,"href":"https:\/\/www.zeitgeistlos.de\/zgblog\/wp-json\/wp\/v2\/posts\/12710\/revisions"}],"predecessor-version":[{"id":12716,"href":"https:\/\/www.zeitgeistlos.de\/zgblog\/wp-json\/wp\/v2\/posts\/12710\/revisions\/12716"}],"wp:attachment":[{"href":"https:\/\/www.zeitgeistlos.de\/zgblog\/wp-json\/wp\/v2\/media?parent=12710"}],"wp:term":[{"taxonomy":"category","embeddable":true,"href":"https:\/\/www.zeitgeistlos.de\/zgblog\/wp-json\/wp\/v2\/categories?post=12710"},{"taxonomy":"post_tag","embeddable":true,"href":"https:\/\/www.zeitgeistlos.de\/zgblog\/wp-json\/wp\/v2\/tags?post=12710"}],"curies":[{"name":"wp","href":"https:\/\/api.w.org\/{rel}","templated":true}]}}