{"id":12648,"date":"2012-07-13T07:10:28","date_gmt":"2012-07-13T06:10:28","guid":{"rendered":"http:\/\/www.zeitgeistlos.de\/zgblog\/?p=12648"},"modified":"2012-07-10T15:14:27","modified_gmt":"2012-07-10T14:14:27","slug":"der-richtige-mann-fur-den-job","status":"publish","type":"post","link":"https:\/\/www.zeitgeistlos.de\/zgblog\/2012\/der-richtige-mann-fur-den-job\/","title":{"rendered":"Der richtige Mann f\u00fcr den Job"},"content":{"rendered":"<p style=\"text-align: justify;\">Unter dem Titel <a href=\"http:\/\/www.spiegel.de\/wirtschaft\/soziales\/regling-und-juncker-und-mersch-bekommen-spitzenposten-in-euro-krise-a-843590.html\" target=\"_blank\">\u00bbDeutschlands Milliardenh\u00fcter\u00ab<\/a> schrieb SpiegelOnline am 10. Juli \u00fcber Klaus Regling, den k\u00fcnftigen Chef des Rettungsfonds ESM. Wie es sich f\u00fcr eine ordentliche Hofberichterstattung geh\u00f6rt, gibt es keinerlei Kritik an diesem Mann. Ganz im Gegenteil, er agiere nicht <em>\u00bbals deutscher Sachwalter, sondern hat stets auch europ\u00e4ische Interessen im Blick\u00ab<\/em>. Die <a href=\"http:\/\/www.nachdenkseiten.de\/?p=3842\" target=\"_blank\">Nachdenkseiten<\/a> schreiben \u00fcber Regling:<\/p>\n<blockquote>\n<p style=\"text-align: justify;\">Klaus Regling, ein \u00fcberzeugter Monetarist, arbeitete f\u00fcr Moore Capital Strategy Group, einem Hedge-Fond.<\/p>\n<\/blockquote>\n<p style=\"text-align: justify;\">Und was sagt Wiki zu ihm?<\/p>\n<blockquote>\n<p style=\"text-align: justify;\">Von 1975 bis 1980 arbeitete er f\u00fcr den Internationalen W\u00e4hrungsfonds. Danach arbeitete er kurzzeitig f\u00fcr den Bundesverband deutscher Banken. [...] Es wird ihm vorgeworfen, dass er verantwortlich im Finanzministerium war, als von 1990 bis 1993 die Staatsverschuldung neue Rekorde erreichte und zwischen 2001 und 2008 der zust\u00e4ndige Verantwortliche in Br\u00fcssel war, der die griechische Finanzentwicklung zu \u00fcberwachen hatte und sich dann mit den get\u00fcrkten Zahlen abgefunden hatte.<\/p>\n<\/blockquote>\n<p style=\"text-align: justify;\">Top Mann also. Die neoliberalen B\u00e4nker und Krisenverursacher sollens nun richten. Ich brauch einen Eimer.<\/p>\n","protected":false},"excerpt":{"rendered":"<p>Unter dem Titel \u00bbDeutschlands Milliardenh\u00fcter\u00ab schrieb SpiegelOnline am 10. Juli \u00fcber Klaus Regling, den k\u00fcnftigen Chef des Rettungsfonds ESM. Wie es sich f\u00fcr eine ordentliche Hofberichterstattung geh\u00f6rt, gibt es keinerlei Kritik an diesem Mann. Ganz im Gegenteil, er agiere nicht \u2026 <a href=\"https:\/\/www.zeitgeistlos.de\/zgblog\/2012\/der-richtige-mann-fur-den-job\/\">Weiterlesen <span class=\"meta-nav\">\u2192<\/span><\/a><\/p>\n","protected":false},"author":4,"featured_media":0,"comment_status":"open","ping_status":"open","sticky":false,"template":"","format":"standard","meta":{"wp_typography_post_enhancements_disabled":false,"footnotes":""},"categories":[5,4],"tags":[83,1052,48],"class_list":["post-12648","post","type-post","status-publish","format-standard","hentry","category-medien","category-politik","tag-banken","tag-bankenkrise","tag-finanzkrise"],"_links":{"self":[{"href":"https:\/\/www.zeitgeistlos.de\/zgblog\/wp-json\/wp\/v2\/posts\/12648","targetHints":{"allow":["GET"]}}],"collection":[{"href":"https:\/\/www.zeitgeistlos.de\/zgblog\/wp-json\/wp\/v2\/posts"}],"about":[{"href":"https:\/\/www.zeitgeistlos.de\/zgblog\/wp-json\/wp\/v2\/types\/post"}],"author":[{"embeddable":true,"href":"https:\/\/www.zeitgeistlos.de\/zgblog\/wp-json\/wp\/v2\/users\/4"}],"replies":[{"embeddable":true,"href":"https:\/\/www.zeitgeistlos.de\/zgblog\/wp-json\/wp\/v2\/comments?post=12648"}],"version-history":[{"count":6,"href":"https:\/\/www.zeitgeistlos.de\/zgblog\/wp-json\/wp\/v2\/posts\/12648\/revisions"}],"predecessor-version":[{"id":12656,"href":"https:\/\/www.zeitgeistlos.de\/zgblog\/wp-json\/wp\/v2\/posts\/12648\/revisions\/12656"}],"wp:attachment":[{"href":"https:\/\/www.zeitgeistlos.de\/zgblog\/wp-json\/wp\/v2\/media?parent=12648"}],"wp:term":[{"taxonomy":"category","embeddable":true,"href":"https:\/\/www.zeitgeistlos.de\/zgblog\/wp-json\/wp\/v2\/categories?post=12648"},{"taxonomy":"post_tag","embeddable":true,"href":"https:\/\/www.zeitgeistlos.de\/zgblog\/wp-json\/wp\/v2\/tags?post=12648"}],"curies":[{"name":"wp","href":"https:\/\/api.w.org\/{rel}","templated":true}]}}