{"id":10863,"date":"2011-11-06T09:02:00","date_gmt":"2011-11-06T08:02:00","guid":{"rendered":"http:\/\/www.zeitgeistlos.de\/zgblog\/?p=10863"},"modified":"2011-11-01T11:02:33","modified_gmt":"2011-11-01T10:02:33","slug":"die-bevolkerung-zahlt","status":"publish","type":"post","link":"https:\/\/www.zeitgeistlos.de\/zgblog\/2011\/die-bevolkerung-zahlt\/","title":{"rendered":"Die Bev\u00f6lkerung zahlt"},"content":{"rendered":"<p style=\"text-align: justify;\">Im folgenden die Rede von Gregor Gysi zur Regierungserkl\u00e4rung der Kanzlerin zum Euro-Rettungsfonds EFSF am 26. Oktober 2011. Gysi erkl\u00e4rt den ganzen Wahnsinn des \u00bbEuro-Rettungsschirms\u00ab. Wer am Ende die Milliarden-Zeche zahlen darf, k\u00f6nnt ihr euch denken. Steuererh\u00f6hungen, Einsparungen, Sozialabbau und K\u00fcrzungen in s\u00e4mtlichen politischen Bereichen werden uns in den n\u00e4chsten Jahren und Jahrzehnten erwarten. Von politischer Gestaltungskraft kann dann keine Rede mehr sein.<\/p>\n<p> <iframe width=\"450\" height=\"300\" src=\"http:\/\/www.youtube.com\/embed\/ZyLuPcyR-QM\" frameborder=\"0\" allowfullscreen><\/iframe><br>\n&nbsp;<\/p>\n","protected":false},"excerpt":{"rendered":"<p>Im folgenden die Rede von Gregor Gysi zur Regierungserkl\u00e4rung der Kanzlerin zum Euro-Rettungsfonds EFSF am 26. Oktober 2011. Gysi erkl\u00e4rt den ganzen Wahnsinn des \u00bbEuro-Rettungsschirms\u00ab. Wer am Ende die Milliarden-Zeche zahlen darf, k\u00f6nnt ihr euch denken. Steuererh\u00f6hungen, Einsparungen, Sozialabbau und \u2026 <a href=\"https:\/\/www.zeitgeistlos.de\/zgblog\/2011\/die-bevolkerung-zahlt\/\">Weiterlesen <span class=\"meta-nav\">\u2192<\/span><\/a><\/p>\n","protected":false},"author":4,"featured_media":0,"comment_status":"open","ping_status":"open","sticky":false,"template":"","format":"standard","meta":{"wp_typography_post_enhancements_disabled":false,"footnotes":""},"categories":[4,61],"tags":[298,317,981],"class_list":["post-10863","post","type-post","status-publish","format-standard","hentry","category-politik","category-videos","tag-die-linke","tag-gysi","tag-rettungsschirm"],"_links":{"self":[{"href":"https:\/\/www.zeitgeistlos.de\/zgblog\/wp-json\/wp\/v2\/posts\/10863","targetHints":{"allow":["GET"]}}],"collection":[{"href":"https:\/\/www.zeitgeistlos.de\/zgblog\/wp-json\/wp\/v2\/posts"}],"about":[{"href":"https:\/\/www.zeitgeistlos.de\/zgblog\/wp-json\/wp\/v2\/types\/post"}],"author":[{"embeddable":true,"href":"https:\/\/www.zeitgeistlos.de\/zgblog\/wp-json\/wp\/v2\/users\/4"}],"replies":[{"embeddable":true,"href":"https:\/\/www.zeitgeistlos.de\/zgblog\/wp-json\/wp\/v2\/comments?post=10863"}],"version-history":[{"count":5,"href":"https:\/\/www.zeitgeistlos.de\/zgblog\/wp-json\/wp\/v2\/posts\/10863\/revisions"}],"predecessor-version":[{"id":10877,"href":"https:\/\/www.zeitgeistlos.de\/zgblog\/wp-json\/wp\/v2\/posts\/10863\/revisions\/10877"}],"wp:attachment":[{"href":"https:\/\/www.zeitgeistlos.de\/zgblog\/wp-json\/wp\/v2\/media?parent=10863"}],"wp:term":[{"taxonomy":"category","embeddable":true,"href":"https:\/\/www.zeitgeistlos.de\/zgblog\/wp-json\/wp\/v2\/categories?post=10863"},{"taxonomy":"post_tag","embeddable":true,"href":"https:\/\/www.zeitgeistlos.de\/zgblog\/wp-json\/wp\/v2\/tags?post=10863"}],"curies":[{"name":"wp","href":"https:\/\/api.w.org\/{rel}","templated":true}]}}