{"id":10069,"date":"2011-07-26T05:09:30","date_gmt":"2011-07-26T04:09:30","guid":{"rendered":"http:\/\/www.zeitgeistlos.de\/zgblog\/?p=10069"},"modified":"2011-07-22T09:18:34","modified_gmt":"2011-07-22T08:18:34","slug":"spd-flyer","status":"publish","type":"post","link":"https:\/\/www.zeitgeistlos.de\/zgblog\/2011\/spd-flyer\/","title":{"rendered":"SPD Flyer"},"content":{"rendered":"<p style=\"text-align: center;\"><img decoding=\"async\" class=\"aligncenter size-medium wp-image-10076\" title=\"SPD\" src=\"https:\/\/www.zeitgeistlos.de\/zgblog\/wp-content\/uploads\/SPD-450x283.jpg\" alt width=\"450\" height=\"283\" srcset=\"https:\/\/www.zeitgeistlos.de\/zgblog\/wp-content\/uploads\/SPD-450x283.jpg 450w, https:\/\/www.zeitgeistlos.de\/zgblog\/wp-content\/uploads\/SPD-150x94.jpg 150w, https:\/\/www.zeitgeistlos.de\/zgblog\/wp-content\/uploads\/SPD.jpg 620w\" sizes=\"(max-width: 450px) 100vw, 450px\"><\/p>\n<p style=\"text-align: justify;\">In Berlin sind am 18. September Abgeordnetenhauswahlen. Der Wahlkampf hat schon l\u00e4ngst begonnen. Wie immer wird wieder gelabert, gelogen und geheuchelt was das Zeug h\u00e4lt. Vor einigen Tagen hatte ich einen Flyer der SPD in meinem Briefkasten. Er war leider kodiert und in einer Geheimsprache geschrieben, die ich nicht lesen <del>wollte<\/del> konnte. Nach langer Arbeit, ist es mir nun gelungen den Flyer ins Deutsche zu \u00fcbersetzen. Zun\u00e4chst aber das Original:<!--more--><\/p>\n<blockquote>\n<p style=\"text-align: justify;\">Liebe Spandauerinnen, liebe Spandauer,<\/p>\n<p style=\"text-align: justify;\">seit f\u00fcnf Jahren vertrete lch Sie lm  Abgeordnetenhaus. Die Neustadt, die Altstadt, das Falkenhagener Feld und  Klosterfelde liegen mir besonders am Herzen.<\/p>\n<p style=\"text-align: justify;\">Es geht mir vor allem um die Entwicklung  sozialer, sicherer Kieze und eine gute Blldung f\u00fcr alle Kinder. Ich wei\u00df  aus elgener Erfahrung: Nur eine gute Bildung er\u00f6ffnet die Chance f\u00fcr  den Aufstieg. Dies auch der n\u00e4chsten Generation zu erm\u00f6glichen, ist  eines meiner wichtigsten Anliegen.<\/p>\n<p style=\"text-align: justify;\">Dank der Initiative \u00bbStark ohne Gewalt\u00ab, dle  ich mitgegr\u00fcndet habe, konnte die Zahl der Straftaten gesenkt werden.  Ich bin stolz auf die jungen Menschen, die ihr Leben in die Hand  genommen, gelernt und gearbeitet haben und gemeinsam mit der Polizel f\u00fcr  ein gewaltfreies Leben mit gleichen Rechten und Pflichten f\u00fcr alle  eintreten.<\/p>\n<p style=\"text-align: justify;\">Diese Themen im Parlament weiter voran zu  bringen, ist mein Ziel. Daf\u00fcr bltte ich Sie um Ihr Vertrauen und um Ihre  Stimme.<\/p>\n<p style=\"text-align: justify;\">Herzlichst, Ihr Raed Saleh<\/p>\n<\/blockquote>\n<p style=\"text-align: justify;\"><span style=\"text-decoration: underline;\"><strong>\u00dcbersetzung:<\/strong><\/span><\/p>\n<p style=\"text-align: justify;\">Liebes Wahlvieh,<\/p>\n<p style=\"text-align: justify;\">seit f\u00fcnf Jahren trete ich Sie im Abgeordnetenhaus. Die Neustadt, die Altstadt, das Falkenhagener Feld und Klosterfelde gehen mir besonders am Arsch vorbei.<\/p>\n<p style=\"text-align: justify;\">Es geht mir vor allem um die Entwicklung meiner selbst. Ich wei\u00df aus eigener Erfahrung: Nur eine gute Bildung er\u00f6ffnet die Chance in ausgew\u00e4hlte Hinterteile zu kriechen. Dies auch der n\u00e4chsten Generation zu erm\u00f6glichen, ist eines meiner wichtigsten Anliegen.<\/p>\n<p style=\"text-align: justify;\">Dank der Initiative \u00bbStark mit Gewalt gegen ALG2-Empf\u00e4nger\u00ab, die ich mitgegr\u00fcndet habe, konnte die Zahl der Menschenhetzer gesteigert werden. Ich bin stolz auf Deutsche wie Thilo Sarrazin, die gemeinsam mit der Polizei ihr Leben in die Hand genommen, gelernt und gearbeitet haben, sowie die Rechte andersdenkender Menschen treten.<\/p>\n<p style=\"text-align: justify;\">Meine Karriere weiter voran zu  bringen, ist mein Ziel. Daf\u00fcr bitte ich Sie um Ihr Vertrauen und um Ihre  Stimme.<\/p>\n<p style=\"text-align: justify;\">Herzlichst, Ihr Quotenausl\u00e4nder und Profilneurotiker<\/p>\n","protected":false},"excerpt":{"rendered":"<p>In Berlin sind am 18. September Abgeordnetenhauswahlen. Der Wahlkampf hat schon l\u00e4ngst begonnen. Wie immer wird wieder gelabert, gelogen und geheuchelt was das Zeug h\u00e4lt. Vor einigen Tagen hatte ich einen Flyer der SPD in meinem Briefkasten. Er war leider \u2026 <a href=\"https:\/\/www.zeitgeistlos.de\/zgblog\/2011\/spd-flyer\/\">Weiterlesen <span class=\"meta-nav\">\u2192<\/span><\/a><\/p>\n","protected":false},"author":4,"featured_media":0,"comment_status":"open","ping_status":"open","sticky":false,"template":"","format":"standard","meta":{"wp_typography_post_enhancements_disabled":false,"footnotes":""},"categories":[4,203],"tags":[1645,113,231],"class_list":["post-10069","post","type-post","status-publish","format-standard","hentry","category-politik","category-satire","tag-satire","tag-spd","tag-wahlen"],"_links":{"self":[{"href":"https:\/\/www.zeitgeistlos.de\/zgblog\/wp-json\/wp\/v2\/posts\/10069","targetHints":{"allow":["GET"]}}],"collection":[{"href":"https:\/\/www.zeitgeistlos.de\/zgblog\/wp-json\/wp\/v2\/posts"}],"about":[{"href":"https:\/\/www.zeitgeistlos.de\/zgblog\/wp-json\/wp\/v2\/types\/post"}],"author":[{"embeddable":true,"href":"https:\/\/www.zeitgeistlos.de\/zgblog\/wp-json\/wp\/v2\/users\/4"}],"replies":[{"embeddable":true,"href":"https:\/\/www.zeitgeistlos.de\/zgblog\/wp-json\/wp\/v2\/comments?post=10069"}],"version-history":[{"count":14,"href":"https:\/\/www.zeitgeistlos.de\/zgblog\/wp-json\/wp\/v2\/posts\/10069\/revisions"}],"predecessor-version":[{"id":10084,"href":"https:\/\/www.zeitgeistlos.de\/zgblog\/wp-json\/wp\/v2\/posts\/10069\/revisions\/10084"}],"wp:attachment":[{"href":"https:\/\/www.zeitgeistlos.de\/zgblog\/wp-json\/wp\/v2\/media?parent=10069"}],"wp:term":[{"taxonomy":"category","embeddable":true,"href":"https:\/\/www.zeitgeistlos.de\/zgblog\/wp-json\/wp\/v2\/categories?post=10069"},{"taxonomy":"post_tag","embeddable":true,"href":"https:\/\/www.zeitgeistlos.de\/zgblog\/wp-json\/wp\/v2\/tags?post=10069"}],"curies":[{"name":"wp","href":"https:\/\/api.w.org\/{rel}","templated":true}]}}